{"id":10289,"date":"2023-09-28T12:50:06","date_gmt":"2023-09-28T10:50:06","guid":{"rendered":"https:\/\/civitas-maxima.org\/?p=10289"},"modified":"2023-10-11T10:51:02","modified_gmt":"2023-10-11T08:51:02","slug":"jour-16-audition-de-3-temoins","status":"publish","type":"post","link":"https:\/\/civitas-maxima.org\/fr\/jour-16-audition-de-3-temoins\/","title":{"rendered":"Jour 16 \u2013 Audition de 3 t\u00e9moins"},"content":{"rendered":"<h2 class=\"wp-block-heading\">Jour 16 \u2013 Audition de 3 t\u00e9moins<\/h2>\n\n\n\n<p class=\"wp-block-paragraph\">26.02.2021<\/p>\n\n\n\n<p class=\"wp-block-paragraph\">Pour cette onzi\u00e8me journ\u00e9e du 26 f\u00e9vrier 2021, le Tribunal proc\u00e8de \u00e0 l\u2019audition des t\u00e9moins MuK, AK et FK.<\/p>\n\n\n\n<p class=\"wp-block-paragraph\"><strong>Audition de MuK<\/strong><\/p>\n\n\n\n<p class=\"wp-block-paragraph\">Le Tribunal a commenc\u00e9 par faire entrer MuK dans la salle. Sur question du Tribunal, le t\u00e9moin a indiqu\u00e9 ne pas connaitre Alieu Kosiah. En raison de ses probl\u00e8mes de vue,&nbsp; le t\u00e9moin a premi\u00e8rement reconnu son fr\u00e8re MoK en la personne d\u2019AS, et a ensuite reconnu FK, son neveu, en la personne de KK. Il a ajout\u00e9 que lui et son fr\u00e8re vivent tous deux \u00e0 Pasolahun, dans deux maisons s\u00e9par\u00e9es, et qu\u2019il avait laiss\u00e9 son fr\u00e8re \u00e0 Monrovia quand il est venu en Suisse t\u00e9moigner. Le t\u00e9moin a \u00e9galement pr\u00e9cis\u00e9 qu\u2019il avait environ 60 ans et qu\u2019il voit bien de pr\u00e8s mais pas de loin. Le juge lui a ainsi demand\u00e9 de s\u2019approcher, MuK a rectifi\u00e9 ses propos&nbsp;: il a indiqu\u00e9 qu\u2019AS \u00e9tait FJ, et a ajout\u00e9 ne pas connaitre KK, mais l\u2019avoir toutefois vu dans l\u2019avion.<\/p>\n\n\n\n<p class=\"wp-block-paragraph\">Le Tribunal a ensuite demand\u00e9 \u00e0 la partie plaignante AS s\u2019il connaissait le t\u00e9moin. Le plaignant a alors d\u00e9clar\u00e9 qu\u2019il connaissait le t\u00e9moin sous le nom de MK (le nom de famille \u00e9tait erron\u00e9), puis, plus tard, sous le nom de MN. Il a ajout\u00e9 qu\u2019il avait encore chang\u00e9 de nom apr\u00e8s la guerre des ULIMO et s\u2019\u00e9tait fait appeler MuK, soit par le pr\u00e9nom et le nom sous lequel la Cour le conna\u00eet. Il a enfin indiqu\u00e9 ne pas conna\u00eetre FK ni FJ.<\/p>\n\n\n\n<p class=\"wp-block-paragraph\">La partie plaignante KK a quant \u00e0 lui corrobor\u00e9 les dires d\u2019AS. Il a ajout\u00e9 que le t\u00e9moin avait un lien de parent\u00e9 avec MuK et JMK. KK a expliqu\u00e9 que JMK refusait de voir MuK comme faisant partie de sa famille, et que c\u2019est pour cette raison qu\u2019il a chang\u00e9 de nom de famille. Les deux plaignants ont confirm\u00e9 que MuK et MoK \u00e9taient fr\u00e8res. Ils ont ensuite indiqu\u00e9 que le t\u00e9moin n\u2019avait pas pris part \u00e0 des transports forc\u00e9s, et ont tous deux finis par indiquer le secteur dans lequel travaille MuK.<\/p>\n\n\n\n<p class=\"wp-block-paragraph\">Le Tribunal a demand\u00e9 \u00e0 MuK de s\u2019approcher de JMK, et le t\u00e9moin a indiqu\u00e9 qu\u2019il s\u2019agissait de JMK, son neveu. Sur question de la Cour, MuK a reconnu MoK comme son fr\u00e8re.<\/p>\n\n\n\n<p class=\"wp-block-paragraph\">Interrog\u00e9 par le Tribunal, JMK a confirm\u00e9 \u00eatre le neveu de MuK et a indiqu\u00e9 qu\u2019il s\u2019appelle ainsi depuis sa naissance et que tel \u00e9tait le nom que ses parents lui avaient donn\u00e9 \u00e0 la naissance. Il a \u00e9galement affirm\u00e9 ne pas avoir demand\u00e9 \u00e0 MuK de venir t\u00e9moigner ici et ne pas savoir qui lui a propos\u00e9.<\/p>\n\n\n\n<p class=\"wp-block-paragraph\">Le t\u00e9moin a ensuite \u00e9t\u00e9 interrog\u00e9 au sujet de diff\u00e9rents nom et pr\u00e9nom des membres de sa famille. A la question de savoir qui lui a propos\u00e9 de venir t\u00e9moigner, MuK a r\u00e9pondu qu\u2019il ne savait pas. Quant au sujet de sa demande d\u2019indemnit\u00e9, MuK a indiqu\u00e9 que son fr\u00e8re ainsi qu\u2019un autre homme portant le m\u00eame nom de famille que lui ont fait la demande \u00e0 sa place. Le Tribunal a demand\u00e9 au t\u00e9moin s\u2019il avait connaissance des accusations port\u00e9es \u00e0 l\u2019encontre du pr\u00e9venu Alieu Kosiah, ce \u00e0 quoi le t\u00e9moin a r\u00e9pondu par la n\u00e9gative.<\/p>\n\n\n\n<p class=\"wp-block-paragraph\">Face au Pr\u00e9sident, MuK a expliqu\u00e9 qu\u2019il vivait \u00e0 Pasolahun pendant la guerre civile, et qu\u2019il n\u2019a pas particip\u00e9 \u00e0 la guerre civile. Il a ensuite d\u00e9clar\u00e9 \u00eatre le seul MuK vivant \u00e0 Pasolahun, et qu\u2019il y avait \u00e9galement qu\u2019un seul MoK, soit son fr\u00e8re. Poursuivant ses r\u00e9ponses au Tribunal, MuK a indiqu\u00e9 ne pas savoir combien il y avait de maisons \u00e0 Pasolahun pendant la guerre. Il a ensuite confirm\u00e9 que Pasolahun avait une g\u00e9n\u00e9ratrice et qu\u2019elle a \u00e9t\u00e9 pill\u00e9e pendant la guerre par les ULIMO, plus pr\u00e9cis\u00e9ment par trois hommes, et que les gens du village ont \u00e9t\u00e9 oblig\u00e9s \u00e0 la porter.<\/p>\n\n\n\n<p class=\"wp-block-paragraph\">Par ailleurs, MuK a indiqu\u00e9 avoir particip\u00e9 \u00e0 un transport forc\u00e9 de munitions en 1993 de Gondolahun \u00e0 Baloma, ordonn\u00e9 par des soldats ULIMO. \u00c9tayant ses propos, MuK a expliqu\u00e9 qu\u2019apr\u00e8s avoir pos\u00e9 les munitions \u00e0 Baloma il s\u2019est \u00e9chapp\u00e9 et s\u2019est cach\u00e9 dans la brousse, et que son fr\u00e8re n\u2019a pas particip\u00e9 au transport. Il a ajout\u00e9 avoir \u00e9galement particip\u00e9 au transport de la g\u00e9n\u00e9ratrice de Pasolahun.<\/p>\n\n\n\n<p class=\"wp-block-paragraph\">D\u00e9taillant les circonstances du transport de la g\u00e9n\u00e9ratrice, MuK a expliqu\u00e9 que quand les trois hommes sont venus pour rapporter la machine aux ULIMO, ils ont tent\u00e9 de d\u00e9marrer la machine mais elle ne fonctionnait pas. Un d\u2019entre eux leur aurait alors dit \u00ab&nbsp;maintenant, vous allez travailler dans mes plantations et si vous travaillez dans mes plantations, je vais faire en sorte que la machine fonctionne et mettre de l\u2019\u00e9lectricit\u00e9 dans le village&nbsp;\u00bb. Il a affirm\u00e9 que personne n\u2019avait \u00e9t\u00e9 bless\u00e9 ou tu\u00e9 pendant ce transport, et que son fr\u00e8re a \u00e9galement particip\u00e9 \u00e0 ce transport. Il a ajout\u00e9 ne pas avoir peur de parler de cela aujourd\u2019hui. De plus, MuK a indiqu\u00e9 qu\u2019aucune personne pr\u00e9sente dans la salle n\u2019a particip\u00e9 au transport de munitions, ni au transport de la g\u00e9n\u00e9ratrice.<\/p>\n\n\n\n<p class=\"wp-block-paragraph\">MuK a ensuite affirm\u00e9 qu\u2019on ne lui avait rien promis en \u00e9change de sa venue en Suisse. Il a expliqu\u00e9 qu\u2019il \u00e9tait lui-m\u00eame pauvre et qu\u2019il a seulement demand\u00e9 de l\u2019aide pour garder ses cinq enfants.<\/p>\n\n\n\n<p class=\"wp-block-paragraph\">Par ailleurs, il a d\u00e9clar\u00e9 ne pas avoir fait de demande de compensation et qu\u2019il pensait qu\u2019apr\u00e8s \u00eatre venu t\u00e9moigner certaines personnes pourraient l\u2019aider, mais que personne ne lui a fait de promesse. Il a \u00e9galement affirm\u00e9 que personne ne lui a dit de dire ou ne pas dire quelque chose avant de venir t\u00e9moigner.<\/p>\n\n\n\n<p class=\"wp-block-paragraph\">Enfin, MuK a indiqu\u00e9 ne pas conna\u00eetre VD, ni Mohamed Kosiah ou encore Morisara Doumbia.<\/p>\n\n\n\n<p class=\"wp-block-paragraph\"><strong>Questions des parties au t\u00e9moin<\/strong><\/p>\n\n\n\n<p class=\"wp-block-paragraph\">Le Minist\u00e8re public de la conf\u00e9d\u00e9ration n\u2019a pas eu de question \u00e0 poser au t\u00e9moin.<\/p>\n\n\n\n<p class=\"wp-block-paragraph\">Me Gianoli a demand\u00e9 des pr\u00e9cisions sur le transport forc\u00e9 depuis Pasolahun. MuK a d\u00e9clar\u00e9 ne pas savoir les noms des soldats qui ont particip\u00e9 \u00e0 ce transport forc\u00e9 ni le nom des chefs. Puis, interrog\u00e9 sur la raison pour laquelle il n\u2019a fait qu\u2019un seul transport de marchandises, MuK a expliqu\u00e9 que des soldats venaient parfois avec de la nourriture qu\u2019il fallait transporter jusqu\u2019au village suivant, et que les villageois devaient transporter de la nourriture parce que c\u2019\u00e9tait ainsi que cela fonctionnait du temps de la guerre.<\/p>\n\n\n\n<p class=\"wp-block-paragraph\">Sur question, MuK a expliqu\u00e9 qu\u2019il faisait partie des anciens \/ a\u00een\u00e9s du village, et qu\u2019il faisait de l\u2019agriculture pendant la guerre. Au sujet des d\u00e9clarations d\u2019un t\u00e9moin indiquant que les villageois de Pasolahun ont \u00e9t\u00e9 \u00ab&nbsp;tab\u00e9s&nbsp;\u00bb et battus par les ULIMO dans une ferme, MuK a indiqu\u00e9 qu\u2019il \u00e9tait rest\u00e9 \u00e0 Pasolahun du d\u00e9but jusqu\u2019\u00e0 la fin de la guerre et qu\u2019il n\u2019avait pas vu \u00e7a.<\/p>\n\n\n\n<p class=\"wp-block-paragraph\">La Cour a enfin demand\u00e9 au t\u00e9moin combien de temps prenait un trajet entre Monrovia et Pasolahun. Celui-ci a r\u00e9pondu qu\u2019il fallait trois jours de voiture pour effectuer ce trajet, ce que les plaignants ont ensuite d\u00e9menti, expliquant qu\u2019il fallait au maximum deux jours pendant la saison des pluies.<\/p>\n\n\n\n<p class=\"wp-block-paragraph\"><strong>Audition de AK<\/strong><\/p>\n\n\n\n<p class=\"wp-block-paragraph\">Lors de son audition, AK a affirm\u00e9 qu\u2019il avait vu le pr\u00e9venu pour la premi\u00e8re fois sur le pont de la rivi\u00e8re Kehair \u00e0 Kolahun, en 1993, durant la saison s\u00e8che&nbsp;; et qu\u2019il l\u2019avait vu pour la derni\u00e8re fois quelques mois apr\u00e8s, de Gondolahun \u00e0 Konehun. Il a ajout\u00e9 ne pas l\u2019avoir revu entre ces deux \u00e9v\u00e8nements. Il a pr\u00e9cis\u00e9 le reconna\u00eetre facilement aujourd\u2019hui \u00e0 ses yeux, malgr\u00e9 le fait qu\u2019il avait grossi. Concernant les parties plaignantes pr\u00e9sentes dans la salle, le t\u00e9moin a reconnu AS, et croit avoir d\u00e9j\u00e0 vu KK. Il a pr\u00e9cis\u00e9 qu\u2019il a rencontr\u00e9 AS une premi\u00e8re fois \u00e0 Pasolahun dans le village et plus tard en 2007 \u00e0 Monrovia lorsqu\u2019il \u00e9tait en douzi\u00e8me classe \u00e0 Monrovia. AK a ensuite indiqu\u00e9 ne pas connaitre les autres parties plaignantes.<\/p>\n\n\n\n<p class=\"wp-block-paragraph\">Il a d\u00e9clar\u00e9 qu\u2019il vivait \u00e0 Boawohun entre 1989 et 1996. Ce village se trouve actuellement dans le district de L. Il a expliqu\u00e9 s\u2019\u00eatre rendu \u00e0 Pasolahun pendant la guerre et y \u00eatre rest\u00e9 entre trois et quatre mois. Il a ajout\u00e9 qu\u2019il fallait une journ\u00e9e de marche pour atteindre Pasolahun depuis Boawohun, et a \u00e9galement indiqu\u00e9 ne pas savoir combien il y avait de maisons \u00e0 Pasolahun, et ne pas savoir non plus s\u2019il y avait un \u00ab&nbsp;town chief&nbsp;\u00bb. De plus, AK a affirm\u00e9 qu\u2019il \u00e9tait tr\u00e8s courant que plusieurs personnes portent le m\u00eame nom et pr\u00e9nom dans un m\u00eame village au Liberia.<\/p>\n\n\n\n<p class=\"wp-block-paragraph\">En r\u00e9ponse \u00e0 une question du juge, AK a d\u00e9clar\u00e9 ne pas avoir particip\u00e9 \u00e0 la guerre comme combattant, ni comme sympathisant de l\u2019une ou l\u2019autre des factions impliqu\u00e9es. A la question de savoir quelles factions arm\u00e9es ont occup\u00e9 Pasolahun durant la premi\u00e8re guerre civile, AK a d\u00e9clar\u00e9 qu\u2019il y a d\u2019abord eu les NPFL, dirig\u00e9s par Charles Taylor, puis les ULIMO, dirig\u00e9s par Alhaji Kromah. Poursuivant ses r\u00e9ponses, le t\u00e9moin a d\u00e9clar\u00e9 ne pas savoir \u00e0 quelle date les ULIMO sont arriv\u00e9s \u00e0 Pasolahun. Quant \u00e0 la tenue vestimentaire des soldats ULIMO durant la premi\u00e8re guerre civile, le t\u00e9moin a indiqu\u00e9 qu\u2019ils portaient parfois du rouge sous leurs v\u00eatements militaire et parfois des v\u00eatements civils. Il a \u00e9galement pr\u00e9cis\u00e9 qu\u2019il n\u2019y avait pas d\u2019uniforme standard et qu\u2019il n\u2019y avait donc aucun moyen d\u2019identifier la faction. AK a par la suite expliqu\u00e9 que les NPFL ont \u00e9t\u00e9 les premiers \u00e0 entrer au Liberia en 1989-1990, avant qu\u2019ils ne se fassent repousser du Lofa par les ULIMO. Les NPFL ont ainsi \u00e9t\u00e9 repouss\u00e9s jusqu\u2019\u00e0 Monrovia, Foya et Gbanga.<\/p>\n\n\n\n<p class=\"wp-block-paragraph\">En ce qui concerne les armes utilis\u00e9es par les ULIMO, AK a d\u00e9clar\u00e9 qu\u2019il avait pu identifier des G3, des AK47 et des M16, m\u00eame s\u2019il ne connait pas bien les armes. Il a ajout\u00e9 que ce n\u2019\u00e9tait pas une guerre professionnelle, et que les NPFL avaient aussi des G3, m\u00eame si c\u2019\u00e9tait une arme majoritairement utilis\u00e9e par les ULIMO.<\/p>\n\n\n\n<p class=\"wp-block-paragraph\">Le t\u00e9moin a ensuite d\u00e9clar\u00e9 qu\u2019il y avait des enfants-soldats chez les ULIMO. Il a pr\u00e9cis\u00e9 que les enfants \u00e9taient recrut\u00e9s \u00e0 partir du moment o\u00f9 ils pouvaient marcher sur de longues distances, et que les plus jeunes avaient environ dix ans. Il a ajout\u00e9 que les ULIMO ne se comportaient de mani\u00e8re g\u00e9n\u00e9rale \u00ab&nbsp;pas bien du tout&nbsp;\u00bb, et a indiqu\u00e9 avoir vu des soldats ULIMO commettre des crimes contre les civils durant la premi\u00e8re guerre civile.<\/p>\n\n\n\n<p class=\"wp-block-paragraph\">Concernant les pillages, le t\u00e9moin a expliqu\u00e9 avoir \u00e9t\u00e9 t\u00e9moin de nombreux pillages, et a ajout\u00e9 que les soldats ULIMO prenaient tout, et en particulier tous les objets qui contenaient du m\u00e9tal comme les g\u00e9n\u00e9rateurs ou les machines \u00e0 coudre, mais aussi les v\u00eatements et la nourriture. Selon le t\u00e9moin, les soldats faisaient cela pour revendre les objets en Guin\u00e9e.<\/p>\n\n\n\n<p class=\"wp-block-paragraph\">Concernant les transports forc\u00e9s, il a d\u00e9clar\u00e9 que c\u2019\u00e9tait une pratique tr\u00e8s courante et qu\u2019il \u00e9tait impossible pour les civils de refuser d\u2019y participer, au risque de mourir. Il a ajout\u00e9 que les civils n\u2019\u00e9taient pas r\u00e9mun\u00e9r\u00e9s pour cela, et qu\u2019ils ne recevaient ni nourriture ni eau. \u00c9tayant ses propos, AK a expliqu\u00e9 qu\u2019il n\u2019y avait pas d\u2019autre moyen de transporter les marchandises que de les porter sur la t\u00eate et de marcher parce que les routes avaient \u00e9t\u00e9 tr\u00e8s endommag\u00e9es depuis le d\u00e9but de la guerre avec Charles Taylor. De plus, les ponts ayant \u00e9t\u00e9 d\u00e9truits, il fallait passer \u00e0 gu\u00e9 dans les rivi\u00e8res. AK a ajout\u00e9 qu\u2019il y avait parfois deux troncs au-dessus de la rivi\u00e8re pour permettre aux v\u00e9hicules de passer, mais qu\u2019ils n\u2019avaient l\u00e0 laiss\u00e9 qu\u2019un seul tronc pour que seulement les gens puissent passer, afin d\u2019\u00e9viter que les v\u00e9hicules n\u2019entrent trop fr\u00e9quemment dans les villages.<\/p>\n\n\n\n<p class=\"wp-block-paragraph\">AK a affirm\u00e9 qu\u2019il \u00e9tait courant que les civils subissent des violences pendant le transport, et que de nombreux civils ont \u00e9t\u00e9 tu\u00e9 durant ces transports. AK a notamment pr\u00e9cis\u00e9 que les soldats frappaient parfois sans raison les civils&nbsp;; que pour eux, il n\u2019y avait pas de Dieu&nbsp;; que ce qu\u2019ils disaient ainsi que leur propre volont\u00e9 \u00e9taient les seules choses qui comptaient, et qu\u2019il n\u2019y avait pas de gouvernement qui les contr\u00f4lait. Ainsi, selon AK, les soldats n\u2019\u00e9coutaient pas forc\u00e9ment les ordres des commandants et que, d\u00e8s qu\u2019un soldat voulait quelque chose, ils le prenaient, opprimaient les civils, sans que ces derniers ne puissent faire quelque chose. Il a ajout\u00e9 qu\u2019il avait souvent entendu parler de viols commis par les ULIMO. Il a ensuite d\u00e9crit la pratique du \u00ab&nbsp;tab\u00e9&nbsp;\u00bb au Tribunal comme suit&nbsp;: \u00ab&nbsp;\u00e7a consistait \u00e0 attacher quelqu\u2019un avec, d\u2019un c\u00f4t\u00e9, les mains qui se rejoignaient devant, et de l\u2019autre c\u00f4t\u00e9, les coudes qui se touchaient derri\u00e8re&nbsp;\u00bb. Le Tribunal a ensuite demand\u00e9 \u00e0 AK si cette pratique servait \u00e0 immobiliser quelqu\u2019un ou \u00e0 le faire souffrir. Le t\u00e9moin a r\u00e9pondu que cette pratique \u00e9tait utilis\u00e9e pour plusieurs raisons, et a donn\u00e9 l\u2019exemple d\u2019un enseignant qui s\u2019est fait tuer par son \u00e9l\u00e8ve devenu soldat, pour la simple raison qu\u2019il avait \u00e9chou\u00e9 \u00e0 un des examens de l\u2019enseignant. AK a conclu en affirmant que beaucoup de choses se passaient ainsi, les soldats se prenant pour des dieux.<\/p>\n\n\n\n<p class=\"wp-block-paragraph\">Questionn\u00e9 sur les pratiques de cannibalisme, le t\u00e9moin a r\u00e9pondu que les soldats mangeaient le foie, et d\u2019autres organes du corps humain pour prouver qu\u2019ils \u00e9taient forts et pour faire \u00e9talage de leur cruaut\u00e9.<\/p>\n\n\n\n<p class=\"wp-block-paragraph\">Au sujet du \u00ab&nbsp;Black Monday&nbsp;\u00bb, le t\u00e9moin a d\u00e9clar\u00e9 qu\u2019il avait entendu qu\u2019il \u00e9tait question de d\u00e9truire la vie des gens, et que beaucoup de gens \u00e9taient morts \u00e0 Voinjama mais qu\u2019il ne pouvait pas en t\u00e9moigner lui-m\u00eame, n\u2019aillant pas assist\u00e9 \u00e0 cela.<\/p>\n\n\n\n<p class=\"wp-block-paragraph\">Le t\u00e9moin a expliqu\u00e9 qu\u2019il avait entendu que le pr\u00e9venu \u00e9tait H&amp;H, sans avoir ce que cela signifiait, et qu\u2019il se faisait \u00e9galement appeler \u00ab&nbsp;Chief&nbsp;\u00bb, et qu\u2019il est possible qu\u2019on l\u2019appelait commandant.<\/p>\n\n\n\n<p class=\"wp-block-paragraph\">En ce qui concerne le pr\u00e9venu, AK a indiqu\u00e9 ne pas savoir o\u00f9 est-ce qu\u2019il se situait entre 1993 et 1995, mais a toutefois indiqu\u00e9 qu\u2019il \u00e9tait pass\u00e9 dans le clan H. et qu\u2019il est pass\u00e9 sur les routes principales pour aller \u00e0 Foya ou \u00e0 Massabolahun. Sur question, AK a ajout\u00e9 avoir reconnu le pr\u00e9venu \u00e0 ses yeux, \u00e0 sa peau qu\u2019il a d\u00e9crit comme noire, et \u00e0 sa taille.<\/p>\n\n\n\n<p class=\"wp-block-paragraph\">Au sujet de la g\u00e9n\u00e9ratrice de Pasolahun, le t\u00e9moin a expliqu\u00e9 au Tribunal que celle-ci se trouvait en bordure du village sur un terrain qui n\u2019\u00e9tait pas priv\u00e9. Il a ajout\u00e9 ne pas savoir si c\u2019\u00e9tait une g\u00e9n\u00e9ratrice, qu\u2019il la d\u00e9crirait plut\u00f4t comme une machine, sans savoir \u00e0 quoi elle servait, ni si elle fonctionnait ou non avant la guerre. Il a ensuite confirm\u00e9 sa d\u00e9claration devant le Minist\u00e8re public de la Conf\u00e9d\u00e9ration au sujet du pillage de la g\u00e9n\u00e9ratrice, expliquant que Sky Face Kabbar avait alors d\u00e9clar\u00e9 que c\u2019\u00e9tait un ordre d\u2019Alieu Kosiah, et non pas d\u2019autres commandants. Il a pr\u00e9cis\u00e9 que parmi les Mandingo il y avait beaucoup de m\u00e9caniciens, et qu\u2019il ne savait pas si ce sont certains soldats ULIMO ou des simples m\u00e9caniciens qui ont d\u00e9mont\u00e9 la g\u00e9n\u00e9ratrice. Il a ajout\u00e9 qu\u2019il ne pouvait pas donner davantage de pr\u00e9cisions, ayant toujours vu la machine d\u00e9mantel\u00e9e.<\/p>\n\n\n\n<p class=\"wp-block-paragraph\">Poursuivant son r\u00e9cit, AK a expliqu\u00e9 qu\u2019une fois la machine d\u00e9mantel\u00e9e, les soldats ULIMO ont fait se rassembler les civils dans le but d\u2019organiser son transport. Sur question, le t\u00e9moin a confirm\u00e9 que toutes les pi\u00e8ces de la g\u00e9n\u00e9ratrice ainsi que quelques biens pill\u00e9s et de la nourriture avaient \u00e9t\u00e9 transport\u00e9s. Il a affirm\u00e9 avoir particip\u00e9 au transport de la g\u00e9n\u00e9ratrice de Pasolahun \u00e0 Kolahun organis\u00e9 par Elephant Tail, un des officiers les plus grad\u00e9s. \u00c0 cet \u00e9gard il a pr\u00e9cis\u00e9 qu\u2019AS, KK, MuK et MoK y avaient \u00e9galement pris part, et que le pr\u00e9venu n\u2019y \u00e9tait pour rien en ce qui concerne le transport. Il a indiqu\u00e9 se souvenir de ces noms parce qu\u2019il leur est arriv\u00e9 quelque chose et que leurs noms ont \u00e9t\u00e9 prononc\u00e9s durant le transport. Donnant davantage de d\u00e9tails sur le transport, AK a indiqu\u00e9 que les civils ont \u00e9t\u00e9 r\u00e9quisitionn\u00e9s par les soldats ULIMO aux alentours de cinq heures du matin, quand ils dormaient encore, afin que les gens ne soient d\u00e9j\u00e0 partis pour leurs fermes respectives. Il a ajout\u00e9 ne pas se souvenir si des femmes avaient \u00e9galement transport\u00e9 des pi\u00e8ces de la g\u00e9n\u00e9ratrice, mais que des jeunes de moins de 18 ans \u00e9taient pr\u00e9sents&nbsp;; et qu\u2019il avait \u00e9t\u00e9 impossible pour lui de refuser de participer au transport.<\/p>\n\n\n\n<p class=\"wp-block-paragraph\">Poursuivant ses r\u00e9ponses, le t\u00e9moin a indiqu\u00e9 avoir aper\u00e7u Alieu Kosiah lors de l\u2019arriv\u00e9e du transport \u00e0 Kolahun, et a ajout\u00e9 que les soldats nomm\u00e9s Lahlaji, Sky Face Kabbar, ou encore Elephant Tail avaient encadr\u00e9 le transport. Alieu Kosiah donnait des ordres aux soldats, en employant un ton autoritaire, et paraissait \u00eatre la personne la plus importante du groupe \u00e0 ce moment-l\u00e0. Il avait des v\u00eatements militaires. Le t\u00e9moin a ensuite d\u00e9clar\u00e9 que tout au long du transport, les soldats disaient qu\u2019Alieu Kosiah voulait ceci ou cela, et qu\u2019aucun des soldats ne parlaient aux civils avec respect.<\/p>\n\n\n\n<p class=\"wp-block-paragraph\">Pour sa part, le t\u00e9moin a indiqu\u00e9 avoir port\u00e9 une lourde pi\u00e8ce m\u00e9tallique, sans toutefois pouvoir estimer son poids. Il a pr\u00e9cis\u00e9 que c\u2019\u00e9tait difficile, mais qu\u2019il n\u2019avait pas d\u2019autre choix que d\u2019y arriver. En ce qui concerne la raison pour laquelle il fallait transporter ces objets et marchandises jusqu\u2019\u00e0 Kolahun, AK a indiqu\u00e9 que Kolahun \u00e9tait la capitale du district.<\/p>\n\n\n\n<p class=\"wp-block-paragraph\">D\u00e9crivant le transport, le t\u00e9moin a d\u00e9clar\u00e9 qu\u2019il pouvait y avoir jusqu\u2019\u00e0 cinq, six ou sept personnes pour porter une seule pi\u00e8ce, et que d\u2019autres choses ont \u00e9galement \u00e9t\u00e9 transport\u00e9es, les soldats pillant tout ce qu\u2019ils aimaient. Poursuivant son t\u00e9moignage, AK a expliqu\u00e9 que les pi\u00e8ces les plus lourdes \u00e9taient port\u00e9es sur la t\u00eate, et qu\u2019elles \u00e9taient accroch\u00e9es entre elles par des structures de bois crois\u00e9s.<\/p>\n\n\n\n<p class=\"wp-block-paragraph\">Il a \u00e9galement expliqu\u00e9 avoir march\u00e9 neuf heures ou plus pour arriver jusqu\u2019\u00e0 Kolahun, sur une route qui n\u2019\u00e9tait pas carrossable. Il a ajout\u00e9 ne pas avoir effectu\u00e9 de pauses en chemin, ni avoir re\u00e7u \u00e0 boire ou \u00e0 manger durant le transport. Concernant la position des civils et des chefs durant le transport, le t\u00e9moin a indiqu\u00e9 que tout le monde pouvait \u00eatre n\u2019importe o\u00f9 dans le convoi, y compris les civils. En ce qui concerne le comportement des soldats, AK a d\u00e9clar\u00e9 qu\u2019ils \u00e9taient arrogants, brutaux. Les commandants avaient de mani\u00e8re g\u00e9n\u00e9rale des pistolets, et les soldats portaient les armes les plus lourdes, soit les soldats. Alieu Kosiah quant \u00e0 lui \u00e9tait selon le t\u00e9moin arm\u00e9 d\u2019un pistolet.<\/p>\n\n\n\n<p class=\"wp-block-paragraph\">Il a indiqu\u00e9 que presque chacun des civils avaient \u00e9t\u00e9 menac\u00e9s durant le transport. AK a notamment expliqu\u00e9 que quand quelqu\u2019un tra\u00eenait \u00e0 l\u2019arri\u00e8re du groupe, les soldats disaient \u00ab&nbsp;bouge ton cul vers l\u2019avant&nbsp;\u00bb, et s\u2019assuraient que les civils restent concentr\u00e9s sur la marche et qu\u2019ils n\u2019aient pas d\u2019occasion de se sauver. Le t\u00e9moin n\u2019a personnellement pas subi de violences physiques, mais il a d\u00e9clar\u00e9 avoir re\u00e7u des insultes. En revanche, il a indiqu\u00e9 que les civils ont re\u00e7u des coups de pied au derri\u00e8re, des claques, ainsi que des menaces pendant le transport, et qu\u2019il n\u2019avait pas vu le pr\u00e9venu emp\u00eacher cela. Il a ensuite expliqu\u00e9 que trois civils avaient \u00e9t\u00e9 tu\u00e9s par un chef du groupe, soit un civil nomm\u00e9 K, un autre nomm\u00e9 B, et enfin un civil nomm\u00e9 MoK, notamment parce qu\u2019ils \u00e9taient fatigu\u00e9s. Il a ensuite indiqu\u00e9 que c\u2019\u00e9tait vraisemblablement S\u00e9n\u00e9gali ou Elephant Tail ou Skyface Kabbar qui les avait tu\u00e9s, selon ce qu\u2019en disait les civils sur place. Il a pr\u00e9cis\u00e9 que les chefs du groupe pouvaient d\u00e9cider de punir ou fouetter les civils sans aucune piti\u00e9.<\/p>\n\n\n\n<p class=\"wp-block-paragraph\">Au sujet des corps de K et B, le t\u00e9moin n\u2019a pas su dire ce qu\u2019ils \u00e9taient devenus, mais a toutefois indiqu\u00e9 qu\u2019ils avaient \u00e9t\u00e9 enlev\u00e9s.<\/p>\n\n\n\n<p class=\"wp-block-paragraph\">Au sujet de la mort MuK, il a affirm\u00e9 avoir vu son corps. Il a ensuite expliqu\u00e9 qu\u2019il ne le connaissait pas avant les faits, \u00e9tant un \u00e9tranger au village. Le t\u00e9moin a pr\u00e9cis\u00e9 qu\u2019il avait vu le pr\u00e9venu tirer sur MuK, avec son pistolet, pr\u00e8s du pont, \u00e0 environ douze m\u00e8tres et que MuK \u00e9tait imm\u00e9diatement tomb\u00e9 au sol. Il a ensuite pr\u00e9cis\u00e9 que MuK avait \u00e9t\u00e9 touch\u00e9 \u00e0 la poitrine, qu\u2019il y avait du sang partout, et qu\u2019il ne savait pas ce qui avait \u00e9t\u00e9 fait de son corps. Il a ajout\u00e9 qu\u2019il y avait peut-\u00eatre plusieurs MuK \u00e0 Pasolahun durant la guerre. Il a pr\u00e9cis\u00e9 que tout cela avait commenc\u00e9 quand il s\u2019\u00e9tait plaint d\u2019\u00eatre fatigu\u00e9, et qu\u2019il portait une charge plus lourde que la sienne.<\/p>\n\n\n\n<p class=\"wp-block-paragraph\">Poursuivant ses r\u00e9ponses au Tribunal, AK a indiqu\u00e9 que chacun des civils avait eu peur pour sa vie durant le transport et que, s\u2019ils essayaient de s\u2019enfuir, ils risquaient d\u2019\u00eatre tu\u00e9s avec leur fusil, et a ajout\u00e9 que pour fuir, il fallait planifier sa fuite \u00e0 l\u2019avance et que le mieux \u00e9tait de coop\u00e9rer.<\/p>\n\n\n\n<p class=\"wp-block-paragraph\">Concernant la mort de MoK, le t\u00e9moin a expliqu\u00e9 que celui-ci \u00e9tait mort apr\u00e8s MuK, et qu\u2019il avait \u00e9t\u00e9 tu\u00e9 par un coup de feu du pr\u00e9venu pour avoir fait tomber la caisse de munitions, sur la Lofa River, \u00e0 Konehun, une fois arriv\u00e9s \u00e0 destination. Alors que tout le monde d\u00e9posait sa charge doucement sur le sol, MoK a laiss\u00e9 tomber la caisse, et c\u2019est ce qui a d\u00e9clench\u00e9 la col\u00e8re d\u2019Alieu Kosiah. Selon le t\u00e9moin, le pr\u00e9venu et la victime \u00e9taient \u00e9loign\u00e9s d\u2019une dizaine de m\u00e8tres. AK a expliqu\u00e9 que les biens qu\u2019ils transportaient comptaient beaucoup pour eux, et que la vie des civils importait peu en comparaison. Il a ensuite pr\u00e9cis\u00e9 que MoK n\u2019\u00e9tait pas mort sur le transport de la g\u00e9n\u00e9ratrice, n&#8217;y ayant pas particip\u00e9, mais sur un autre transport. AK a \u00e9galement indiqu\u00e9 que les soldats, et non pas Alieu Kosiah, directement apr\u00e8s l\u2019incident, ont dit aux civils d\u2019avancer et sifflaient. Le t\u00e9moin a ainsi ajout\u00e9 que tout le monde devait avancer pour ne pas \u00eatre pris pour cible parce que sinon, le corps \u00e0 terre pouvait \u00eatre le leur.<\/p>\n\n\n\n<p class=\"wp-block-paragraph\">Revenant sur le transport de la g\u00e9n\u00e9ratrice, les pi\u00e8ces ont \u00e9t\u00e9 d\u00e9pos\u00e9es \u00e0 Kolahun. Des v\u00e9hicules \u00e9taient stationn\u00e9s l\u00e0-bas pour emmener les pi\u00e8ces en Guin\u00e9e. Apr\u00e8s avoir d\u00e9pos\u00e9 les pi\u00e8ces, AK a expliqu\u00e9 que les civils \u00e9taient libres de rentrer, et que M. Kosiah n\u2019est pas rentr\u00e9 avec eux. Il a ajout\u00e9 avoir regagn\u00e9 Pasolahun dans la nuit.<\/p>\n\n\n\n<p class=\"wp-block-paragraph\">Le t\u00e9moin a poursuivi ses r\u00e9ponses en d\u00e9clarant ne pas avoir \u00e9t\u00e9 r\u00e9mun\u00e9r\u00e9 pour avoir particip\u00e9 \u00e0 ce transport et qu\u2019il n\u2019a pas cherch\u00e9 d\u2019autres civils ayant participer au transport qui sont encore en vie pour venir t\u00e9moigner. Interrog\u00e9 sur les corps de B et K, AK a d\u00e9clar\u00e9 qu\u2019il ne les a pas vus sur le chemin du retour.<\/p>\n\n\n\n<p class=\"wp-block-paragraph\">\u00c0 propos du transport forc\u00e9 de munitions \u00e0 Fassama, le t\u00e9moin a d\u00e9clar\u00e9 avoir vu Alieu Kosiah ordonn\u00e9 et diriger le transport. AK a ajout\u00e9 que les civils avaient \u00e9t\u00e9 menac\u00e9s et que Kosiah avait particip\u00e9 au transport. Les soldats cherchaient en particulier de jeunes hommes robustes. AK se trouvait \u00e0 ce moment-l\u00e0 \u00e0 Pasolahun, et il a \u00e9t\u00e9 emmen\u00e9 avec les autres jeunes r\u00e9quisitionn\u00e9s tr\u00e8s t\u00f4t le matin \u00e0 Gondolahun. C\u2019est de l\u00e0 qu\u2019ils sont partis avec les munitions en direction de Konehun. Il a pr\u00e9cis\u00e9 que le convoi se d\u00e9roulait en ligne car le sentier \u00e9tait tr\u00e8s \u00e9troit, et que c\u2019\u00e9tait davantage le sentier qui organisait le convoi, et non les soldats.<\/p>\n\n\n\n<p class=\"wp-block-paragraph\">Le Tribunal a ensuite demand\u00e9 \u00e0 AK s\u2019il connaissait d\u2019autres civils qui avaient particip\u00e9 \u00e0 ce transport. Ce dernier a ainsi d\u00e9clar\u00e9 se souvenir de la t\u00eate de la partie plaignante AS, sans toutefois se souvenir de son pr\u00e9nom et de son nom. Sur question du Tribunal, le t\u00e9moin a indiqu\u00e9 qu\u2019Alieu Kosiah dirigeait le transport mais qu\u2019il ne portait rien.<\/p>\n\n\n\n<p class=\"wp-block-paragraph\">Parmi les civils ayant particip\u00e9 au transport au transport, AK a indiqu\u00e9 que parmi les civils ayant particip\u00e9 au transport il y avait des adolescents, et qu\u2019il aurait \u00e9t\u00e9 impossible pour lui de refuser d\u2019effectuer le transport. Parmi les nombreux soldats pr\u00e9sents, AK a indiqu\u00e9 qu\u2019il y avait \u00e9galement des enfants-soldats, mais qu\u2019il ne pouvait citer aucun nom. Interrog\u00e9 sur le type d\u2019ordres que le pr\u00e9venu donnait, AK a donn\u00e9 l\u2019exemple suivant&nbsp;: \u00ab&nbsp;Prenez les munitions et allons-y&nbsp;\u00bb.<\/p>\n\n\n\n<p class=\"wp-block-paragraph\">En ce qui concerne le d\u00e9roul\u00e9 du transport, AK a indiqu\u00e9 qu\u2019un ami \u00e9tait avec lui et qu\u2019ils se relayaient la charge. Il a ajout\u00e9 s\u2019\u00eatre arr\u00eat\u00e9 \u00e0 Konehun et ne pas \u00eatre all\u00e9 jusqu\u2019\u00e0 Fassama, la destination finale du transport. Pendant le transport, AK a d\u00e9clar\u00e9 qu\u2019il n\u2019y avait pas eu de pauses et que les soldats ne leur ont ni donn\u00e9 \u00e0 boire, ni \u00e0 manger durant le trajet. Alieu Kosiah n\u2019\u00e9tait pas statique, il se d\u00e9pla\u00e7ait autant \u00e0 l\u2019avant qu\u2019\u00e0 l\u2019arri\u00e8re du convoi, et portait sur lui un pistolet.<\/p>\n\n\n\n<p class=\"wp-block-paragraph\">Poursuivant ses r\u00e9ponses au Tribunal, le t\u00e9moin a d\u00e9clar\u00e9 que les rebelles n\u2019\u00e9taient jamais amicaux avec les civils et que les soldats \u00e9taient arm\u00e9s. Il a affirm\u00e9 avoir \u00e9t\u00e9 menac\u00e9 durant le transport pour qu\u2019il avance plus vite, mais il n\u2019a jamais \u00e9t\u00e9 battu. Il a ajout\u00e9 que quand les soldats \u00e9taient violents, cela signifiait que leur chef aussi l\u2019\u00e9tait, et qu\u2019Alieu Kosiah n\u2019est jamais intervenu pour emp\u00eacher des soldats de menacer ou battre des civils.<\/p>\n\n\n\n<p class=\"wp-block-paragraph\">Le juge a ensuite fait entrer MoK et MuK, t\u00e9moins de la d\u00e9fense. Il a alors demand\u00e9 \u00e0 AK s\u2019il reconnaissait ces deux personnes. Le t\u00e9moin a alors affirm\u00e9 que le visage de MoK lui disait quelque chose, et qu\u2019il avait vu MuK dans l\u2019avion, sans toutefois conna\u00eetre leurs pr\u00e9noms. La Cour lui a ensuite demand\u00e9 s\u2019il \u00e9tait s\u00fbr que MoK et MuK dont il avait parl\u00e9 \u00e9taient bien morts et si les deux personnes pr\u00e9sentes ne pouvaient pas \u00eatre les victimes en question. AK a r\u00e9pondu que c\u2019\u00e9tait possible, et qu\u2019il ne voulait pas s\u2019avancer pour ne pas mentir \u00e0 la Cour.<\/p>\n\n\n\n<p class=\"wp-block-paragraph\">A propos des d\u00e9clarations des t\u00e9moins MoK et MuK selon lesquelles il n\u2019y a jamais eu durant la guerre des personnes avec le m\u00eame nom qu\u2019eux, AK a d\u00e9clar\u00e9 que dans son village quatre personnes portent le m\u00eame pr\u00e9nom que lui, et qu\u2019il ne pouvait ainsi ni confirmer ni affirmer les d\u00e9clarations des t\u00e9moins.<\/p>\n\n\n\n<p class=\"wp-block-paragraph\">AK a finalement indiqu\u00e9 \u00eatre s\u00fbr que les MoK et les MuK qu\u2019il avait mentionn\u00e9 \u00e9taient morts, car il avait vu leurs corps tomber, et qu\u2019il en d\u00e9duisait ainsi que les deux MoK et MuK pr\u00e9sents dans cette proc\u00e9dure ne sont pas celles qu\u2019il a vu se faire tirer dessus durant les transports en question.<\/p>\n\n\n\n<p class=\"wp-block-paragraph\">Interrog\u00e9s, MoK et MuK ont affirm\u00e9 ne pas conna\u00eetre AK.<\/p>\n\n\n\n<p class=\"wp-block-paragraph\">Le t\u00e9moin a indiqu\u00e9 avoir toujours peur d\u2019Alieu Kosiah, surtout pour sa s\u00e9curit\u00e9 et celle de sa famille au Liberia, et a indiqu\u00e9 avoir d\u00fb mentir au gens sur la raison de sa venue en Suisse. Il a ainsi expliqu\u00e9 que \u00ab&nbsp;m\u00eame si vous venez en Suisse pour vos propres affaires, tout le monde va penser que vous venez ici pour t\u00e9moigner dans cette affaire&nbsp;\u00bb, tout le monde \u00e9tant focalis\u00e9 sur cette affaire. Le t\u00e9moin a indiqu\u00e9 que ce qui la motiv\u00e9 \u00e0 venir t\u00e9moigner en suisse c\u2019est pour que la justice, et qu\u2019il d\u00e9testait que quelqu\u2019un puisse profiter des gens et prendre la vie d\u2019innocents et aussi d\u2019enfants.<\/p>\n\n\n\n<p class=\"wp-block-paragraph\">Il a ajout\u00e9 ne pas avoir re\u00e7u de l\u2019argent pour sa participation dans cette proc\u00e9dure et qu\u2019il n\u2019a pas non plus re\u00e7u de bourse, comme un de ses amis lui avait dit.<\/p>\n\n\n\n<p class=\"wp-block-paragraph\">Il a indiqu\u00e9 ne pas avoir \u00e9t\u00e9 menac\u00e9 ou intimid\u00e9 au Liberia en raison de sa participation dans cette proc\u00e9dure car personne ne sait qu\u2019il est venu ici. Il a ajout\u00e9 qu\u2019il y a encore des \u00ab&nbsp;supporters&nbsp;\u00bb d\u2019Alieu Kosiah au Liberia, m\u00eame si la plupart des gens ne veulent plus entendre parler de Charles Taylor, et a illustr\u00e9 ses propos en indiquant que le fr\u00e8re d\u2019Alieu Kosiah faisait r\u00e9guli\u00e8rement signe de compassion envers lui dans le \u00ab&nbsp;hatay shop&nbsp;\u00bb. AK a toutefois expliqu\u00e9 qu\u2019un r\u00e9v\u00e9rend dont il a tu le nom lui a conseill\u00e9 de ne r\u00e9pondre \u00e0 aucune question, que ce soit au Tribunal ou simplement des personnes curieuses de savoir pourquoi il est en Suisse.<\/p>\n\n\n\n<p class=\"wp-block-paragraph\">Le t\u00e9moin a ensuite affirm\u00e9 ne pas avoir t\u00e9moign\u00e9 devant la TRC, pour la simple raison qu\u2019il n\u2019a pas \u00e9t\u00e9 contact\u00e9 par cette derni\u00e8re. Il a \u00e9galement expliqu\u00e9 ne pas avoir tent\u00e9 d\u2019obtenir justice au Liberia, mais qu\u2019il aimerait beaucoup voire un jour une cour \u00eatre \u00e9tablie au Liberia.<\/p>\n\n\n\n<p class=\"wp-block-paragraph\">Le juge a ensuite demand\u00e9 \u00e0 KK et AS s\u2019ils avaient des commentaires \u00e0 faire sur les d\u00e9clarations du t\u00e9moin AK. KK a r\u00e9pondu que les ULIMO avaient d\u2019abord pass\u00e9 une nuit au village de Pasolahun avant de d\u00e9monter la g\u00e9n\u00e9ratrice. Quant \u00e0 AS, celui-ci a expliqu\u00e9 qu\u2019il avait vu Alieu Kosiah tuer MuK \u00e0 l\u2019aide d\u2019un AK47, qu\u2019il avait pris \u00e0 son garde du corps. Il a toutefois pr\u00e9cis\u00e9 que ce n\u2019\u00e9tait pas une situation normale et qu\u2019il \u00e9tait fort possible qu\u2019ils ne se souviennent pas de la m\u00eame chose.<\/p>\n\n\n\n<p class=\"wp-block-paragraph\">Le Tribunal a ensuite demand\u00e9 \u00e0 KK s\u2019il avait entendu la br\u00e8ve conversation entre MuK et Alieu Kosiah avant que le pr\u00e9venu ne tire sur lui. Il a alors r\u00e9pondu qu\u2019il les a en effet vus parler mais que son attention \u00e9tait concentr\u00e9e sur son groupe, \u00e9tant tr\u00e8s apeur\u00e9 \u00e0 ce moment-l\u00e0. Il a pr\u00e9cis\u00e9 n\u2019avoir regard\u00e9 seulement quand il a entendu le coup de feu.<\/p>\n\n\n\n<p class=\"wp-block-paragraph\">Le tribunal a ensuite demand\u00e9 \u00e0 AK, s\u2019il connaissait les autres parties \u00e0 la proc\u00e9dure, il a indiqu\u00e9 conna\u00eetre reconnaitre les plaignants GMS et EBJ, mais n\u2019a pas reconnu LSM, ni JMK. Il a pr\u00e9cis\u00e9 les avoir rencontr\u00e9s \u00e0 l\u2019universit\u00e9. Les plaignants JMK et LSM ont tous deux affirm\u00e9 ne pas conna\u00eetre AK.<\/p>\n\n\n\n<p class=\"wp-block-paragraph\">Sur question de Me Gianoli, le t\u00e9moin a indiqu\u00e9 avoir d\u00e9cider de t\u00e9moigner dans cette affaire quand on lui a expliqu\u00e9 \u00e0 Monrovia comment obtenir justice. Il a ajout\u00e9 ne jamais avoir parl\u00e9 des faits concernant l\u2019affaire \u00e0 quelqu\u2019un, car en parler revient \u00e0 mettre en danger sa vie.<\/p>\n\n\n\n<p class=\"wp-block-paragraph\">AK a ensuite indiqu\u00e9 que ce sont les personnes du GJRP qui lui ont en premier parler du pr\u00e9venu.<\/p>\n\n\n\n<p class=\"wp-block-paragraph\">Poursuivant ses r\u00e9ponses \u00e0 Me Gianoli, AK a d\u00e9clar\u00e9 ne pas avoir parl\u00e9 avec GSM ni avec AS de cette affaire et qu\u2019il ne savait pas qu\u2019il allait \u00e9galement t\u00e9moigner dans cette proc\u00e9dure.<\/p>\n\n\n\n<p class=\"wp-block-paragraph\">Au sujet des pillages, AK a indiqu\u00e9 que les NPFL se sont \u00e9galement livr\u00e9s au pillage. Il a indiqu\u00e9 que les NPFL prenaient parfois les v\u00eatements des civils mais qu\u2019ils les laissaient la plupart du temps dans un autre village, et qu\u2019ils pouvaient ainsi retrouver leurs v\u00eatements. Au contraire, tout ce qui \u00e9tait pill\u00e9 par les ULIMO \u00e9tait revendu en Guin\u00e9e, donc ils ne retrouvaient jamais leurs affaires.<\/p>\n\n\n\n<p class=\"wp-block-paragraph\">AK a ensuite expliqu\u00e9 que Pasolahun \u00e9tait un centre pour d\u00e9plac\u00e9s, et que beaucoup de personnes d\u00e9plac\u00e9es se retrouvaient l\u00e0-bas, pensant \u00eatre en s\u00e9curit\u00e9 \u00e9tant loin de la route principale. Il a ajout\u00e9 que malgr\u00e9 la petitesse du village, Pasolahun est devenu la capitale du district en raison de son importance pour les p\u00e8lerins. Il a pr\u00e9cis\u00e9 qu\u2019il n\u2019avait aucun membre de sa famille avec lui \u00e0 Pasolahun.<\/p>\n\n\n\n<p class=\"wp-block-paragraph\">En ce qui concerne le transport de la g\u00e9n\u00e9ratrice, AK a expliqu\u00e9 que toutes les personnes y compris lui savaient avant de d\u00e9buter le transport que Kolahun \u00e9tait la destination, et que la destination se situait proche du lieu o\u00f9 MuK a \u00e9t\u00e9 tu\u00e9.<\/p>\n\n\n\n<p class=\"wp-block-paragraph\">Me Gianoli a ensuite pos\u00e9 plusieurs questions \u00e0 AK concernant les familles respectives d\u2019AS et de MuK et MoK, le t\u00e9moin indiquant ainsi \u00e0 chaque fois qu\u2019il ne savait pas.<\/p>\n\n\n\n<p class=\"wp-block-paragraph\">De plus, Me Gianoli a&nbsp; demand\u00e9 davantage des pr\u00e9cisions sur les transports forc\u00e9s de la g\u00e9n\u00e9ratrice et le meurtre de MuK, le t\u00e9moin r\u00e9it\u00e9rant ainsi \u00e0 chaque fois les propos qu\u2019il a tenu pr\u00e9c\u00e9demment.<\/p>\n\n\n\n<p class=\"wp-block-paragraph\">Enfin, Me Gianoli a \u00e9num\u00e9r\u00e9 certains pr\u00e9noms \u00e0 AK, demandant s\u2019il connaissait certains d\u2019entre eux. Sur les huit pr\u00e9noms mentionn\u00e9s, AK a indiqu\u00e9 conna\u00eetre SK, expliquant ainsi que c\u2019\u00e9tait un des commissionner pour le district de Kolahun, qui est devenu d\u00e9put\u00e9 sous Samuel Doe.<\/p>\n\n\n\n<p class=\"wp-block-paragraph\"><strong>Audition du t\u00e9moin FK<\/strong><\/p>\n\n\n\n<p class=\"wp-block-paragraph\">Sur question du Tribunal, le t\u00e9moin a confirm\u00e9 conna\u00eetre Alieu Kosiah, mais ne pas connaitre les parties plaignantes. De plus, interpell\u00e9es, les parties plaignantes GMS, EBJ et LSM ont \u00e9galement affirm\u00e9 ne pas conna\u00eetre FK. Le t\u00e9moin a affirm\u00e9 reconna\u00eetre Alieu Kosiah \u00e0 son apparence, son teint de peau, ses \u00ab&nbsp;pop&nbsp;eyes&nbsp;\u00bb et sa carrure, et a affirm\u00e9 que c\u2019est bien lui la personne qu\u2019il a d\u00e9nonc\u00e9e.<\/p>\n\n\n\n<p class=\"wp-block-paragraph\">Sur question du Tribunal, FK a indiqu\u00e9 avoir v\u00e9cu \u00e0 Monrovia entre 1989 et 1990, puis \u00eatre parti chez son oncle et sa tante \u00e0 Kolahun pour aller \u00e0 l\u2019\u00e9cole.<\/p>\n\n\n\n<p class=\"wp-block-paragraph\">Il a indiqu\u00e9 ne pas avoir pris parti \u00e0 la guerre civil, n\u2019avoir soutenu aucune faction, et ne jamais avoir utilis\u00e9 d\u2019arme. De fait, il a d\u00e9clar\u00e9 ne pas pouvoir dire quelles armes \u00e9taient utilis\u00e9es durant la guerre.<\/p>\n\n\n\n<p class=\"wp-block-paragraph\">Au sujet des enfants-soldats enr\u00f4l\u00e9s par les ULIMO, FK a d\u00e9clar\u00e9 qu\u2019il avait entendu dire qu\u2019ils utilisaient des enfants-soldats, mais que les autres factions aussi en utilisaient. Ainsi, FK a indiqu\u00e9 qu\u2019il avait vu des enfants-soldats pendant la guerre des LURD.<\/p>\n\n\n\n<p class=\"wp-block-paragraph\">Le t\u00e9moin a d\u00e9crit le climat qui r\u00e9gnait dans le Lofa pendant la guerre comme une situation anormale. Il a illustr\u00e9 ses propos en expliquant que les gens allaient d\u2019un endroit \u00e0 un autre en qu\u00eate de nourriture et qu\u2019ils \u00e9taient tourment\u00e9s et harcel\u00e9s. Au sujet du comportement des soldats ULIMO, le t\u00e9moin a indiqu\u00e9 qu\u2019il avait appris qu\u2019ils harcelaient les civils. FK a d\u00e9clar\u00e9 avoir entendu parler des crimes commis contre les civils, et en particulier des pratiques li\u00e9es au \u00ab&nbsp;tab\u00e9&nbsp;\u00bb, des actes de cannibalisme, des pillages, des meurtres de civils, ainsi que des transports forc\u00e9s et des atrocit\u00e9s li\u00e9es aux transports.<\/p>\n\n\n\n<p class=\"wp-block-paragraph\">\u00c9tayant ses propos, FK a indiqu\u00e9 n\u2019avoir jamais particip\u00e9 \u00e0 des transports ou \u00e0 des travaux forc\u00e9s, \u00e9tant parti pour Monrovia. Il a expliqu\u00e9 que des civils lui avaient rapport\u00e9 les mauvais traitements et les atrocit\u00e9s commises par les soldats ULIMO durant les transports. En ce qui concerne la pratique du \u00ab&nbsp;tab\u00e9&nbsp;\u00bb, FK a indiqu\u00e9 que c\u2019\u00e9tait quand quelqu\u2019un \u00e9tait attach\u00e9 \u00ab&nbsp;tr\u00e8s fortement&nbsp;\u00bb. Par ailleurs, le t\u00e9moin a affirm\u00e9 ne pas savoir dans quel but les soldats se livraient \u00e0 des actes de cannibalisme. Enfin, au sujet de l\u2019expression \u00ab&nbsp;Black Monday&nbsp;\u00bb, le t\u00e9moin a indiqu\u00e9 ne jamais avoir entendu parler de cela.<\/p>\n\n\n\n<p class=\"wp-block-paragraph\">Le t\u00e9moin a d\u00e9clar\u00e9 que les soldats ULIMO ont captur\u00e9 son village en 1993. . FK \u00e9tait \u00e0 ce moment-l\u00e0 scolaris\u00e9 \u00e0 Kolahun, mais il \u00e9tait revenu au village pour chercher de la nourriture. C\u2019est \u00e0 ce moment-l\u00e0 que le village a \u00e9t\u00e9 captur\u00e9. Des coups de feu ont \u00e9t\u00e9 \u00e9chang\u00e9s, et pour cette raison FK s\u2019est cach\u00e9 dans la brousse. Il a pr\u00e9cis\u00e9 ne pas savoir combien de personnes ont \u00e9t\u00e9 tu\u00e9es ou captur\u00e9es, mais avoir la certitude que son oncle s\u2019est fait tuer. Poursuivant son r\u00e9cit, le t\u00e9moin a indiqu\u00e9 avoir vu Alieu Kosiah descendre de son pick-up avec un bandeau, v\u00eatu d\u2019un jean et d\u2019une chemise&nbsp;; et qu\u2019\u00e9tant le commandant sur place, le pr\u00e9venu \u00e9tait la personne la plus importante parmi les soldats pr\u00e9sents. FK a pr\u00e9cis\u00e9 que c\u2019\u00e9tait l\u00e0 la premi\u00e8re fois qu\u2019il voyait M. Kosiah, et qu\u2019il portait un pistolet de type AK-45, et que l\u2019on pouvait reconna\u00eetre \u00e0 sa mani\u00e8re de s\u2019habiller qu\u2019il \u00e9tait sup\u00e9rieur aux autres. Les soldats appelaient le pr\u00e9venu \u00ab&nbsp;Chief Kosiah&nbsp;\u00bb.<\/p>\n\n\n\n<p class=\"wp-block-paragraph\">Le Tribunal a ensuite interrog\u00e9 FK sur le meurtre de son oncle SK, dans le village de B, captur\u00e9 par les ULIMO en 1993. Donnant davantage de renseignements \u00e0 propos de son oncle, FK a indiqu\u00e9 qu\u2019il \u00e9tait le fr\u00e8re de son p\u00e8re et que c\u2019\u00e9tait un agriculteur.<\/p>\n\n\n\n<p class=\"wp-block-paragraph\">D\u00e9crivant les circonstances du meurtre de son oncle, le t\u00e9moin a d\u00e9clar\u00e9 que son oncle a \u00e9t\u00e9 tu\u00e9 dans l\u2019apr\u00e8s-midi o\u00f9 le village a \u00e9t\u00e9 captur\u00e9. FK a expliqu\u00e9 qu\u2019Alieu Kosiah \u00e9tait venu avec ses hommes pour prendre les objets de valeur appartenant \u00e0 son oncle, celui-ci poss\u00e9dant un pressoir \u00e0 canne \u00e0 sucre et faisant pousser du cacao et du caf\u00e9. \u00c0 ce moment, le t\u00e9moin a indiqu\u00e9 qu\u2019il \u00e9tait cach\u00e9 dans la brousse \u00e0 proximit\u00e9 de la maison. Il a ensuite affirm\u00e9 que les hommes de Kosiah avaient ligot\u00e9 son oncle et l\u2019avaient emmen\u00e9 car son oncle avait d\u00e9clar\u00e9 ne rien poss\u00e9der et ne pas avoir d\u2019argent. FK a ensuite d\u00e9clar\u00e9 qu\u2019il avait vu Alieu Kosiah tirer une balle et son oncle tomber au sol. Il a pr\u00e9cis\u00e9 que la balle avait touch\u00e9 le c\u00f4t\u00e9 de la poitrine de son oncle et qu\u2019il avait entendu un seul coup de feu. Il a ensuite d\u00e9clar\u00e9 qu\u2019il \u00e9tait parti rejoindre sa tante \u00e0 Kolahun et qu\u2019il avait eu tr\u00e8s peur lors de l\u2019ex\u00e9cution de son oncle. Il a ajout\u00e9 qu\u2019il ne pensait pas qu\u2019il y avait d\u2019autres t\u00e9moins de la sc\u00e8ne. Le t\u00e9moin a ensuite affirm\u00e9 qu\u2019il avait entendu que le pressoir de canne \u00e0 sucre de son oncle avait \u00e9t\u00e9 pill\u00e9. \u00c0 une question du Pr\u00e9sident, le t\u00e9moin a pr\u00e9cis\u00e9 qu\u2019Alieu Kosiah avait utilis\u00e9 son pistolet pour tuer son oncle.<\/p>\n\n\n\n<p class=\"wp-block-paragraph\">Sur question du tribunal le t\u00e9moin a affirm\u00e9 avoir \u00e9t\u00e9 intimid\u00e9 au Lib\u00e9ria en raison de la participation \u00e0 cette proc\u00e9dure. Il a expliqu\u00e9 que quelqu\u2019un voulait s\u2019en prendre \u00e0 lui mais qu\u2019il a r\u00e9ussi \u00e0 s\u2019enfuir. De plus, FK a indiqu\u00e9 que t\u00e9moigner \u00e9tait syst\u00e9matiquement source de danger au Liberia, et que ceux qui t\u00e9moignent doivent parfois d\u00e9m\u00e9nager pour leur propre s\u00e9curit\u00e9. Il a ajout\u00e9 qu\u2019il y avait des meurtres tr\u00e8s \u00e9tranges au Liberia et qu\u2019il n\u2019\u00e9tait pas rare que les gens qui t\u00e9moignent se fassent tuer.<\/p>\n\n\n\n<p class=\"wp-block-paragraph\">FK a ensuite affirm\u00e9 que personne n\u2019avait essay\u00e9 de le convaincre de dire ou de ne pas dire certaines choses durant ce proc\u00e8s, et a indiqu\u00e9 \u00eatre motiv\u00e9 par la justice, et qu\u2019obtenir justice est la raison pour laquelle il participe \u00e0 cette proc\u00e9dure, le gouvernement lib\u00e9rien ne voulant pas, selon lui, mettre en place une cour pour juger les criminels de guerre.<\/p>\n\n\n\n<p class=\"wp-block-paragraph\">Revenant sur les raisons pour lesquelles Alieu Kosiah aurait tu\u00e9 son oncle, FK a expliqu\u00e9 que c\u2019\u00e9tait s\u00fbrement par app\u00e2t du gain, c\u2019est-\u00e0-dire qu\u2019il voulait s\u00fbrement piller le pressoir \u00e0 canne \u00e0 sucre pour ensuite aller le vendre. Le t\u00e9moin a ajout\u00e9 que les ULIMO n\u2019h\u00e9sitaient pas \u00e0 recourir au travail forc\u00e9 et \u00e0 des traitements inhumains par app\u00e2t du gain, afin de financer leur mouvement.<\/p>\n\n\n\n<p class=\"wp-block-paragraph\">Sur question du Tribunal, le t\u00e9moin a d\u00e9velopp\u00e9 sa pens\u00e9e selon laquelle le Liberia a un fort besoin de r\u00e9conciliation, et que, pour atteindre ce but pr\u00e9cis, il faut d\u2019abord qu\u2019une cour soit mise en place pour juger les criminels de guerre au Liberia. FK a ajout\u00e9 qu\u2019une fois justice faite, les citoyens lib\u00e9riens pourront se r\u00e9concilier et travailler ensemble pour aller de l\u2019avant.<\/p>\n\n\n\n<p class=\"wp-block-paragraph\">Interrog\u00e9 par Me Werner au sujet de sa petite amie, FK a affirm\u00e9 qu\u2019il avait en effet eu \u00e0 l\u2019\u00e9poque une relation avec une fille mandingo, mais qu\u2019ils ne s\u2019\u00e9taient pas mari\u00e9s. Par ailleurs, le t\u00e9moin a confirm\u00e9 sa d\u00e9claration selon laquelle toutes les ethnies du Liberia viennent du bassin soudanais. De plus, FK a \u00e9galement confirm\u00e9 sa d\u00e9claration selon laquelle si l\u2019on prend un groupe de 50 personnes, il y en aura toujours qui auront les \u00ab&nbsp;pop eyes&nbsp;\u00bb.<\/p>\n\n\n\n<p class=\"wp-block-paragraph\">Poursuivant ses r\u00e9ponses \u00e0 Me Werner, FK a affirm\u00e9 qu\u2019il \u00e9tait focalis\u00e9 sur l\u2019id\u00e9e qu\u2019il se rendait avec sa tante \u00e0 Monrovia, et non sur le fait de savoir quelle faction contr\u00f4lait quel endroit. Au sujet de son oncle, le t\u00e9moin a expliqu\u00e9 qu\u2019il \u00e9tait comme un p\u00e8re pour lui.<\/p>\n\n\n\n<p class=\"wp-block-paragraph\">Enfin, Me Werner a demand\u00e9 \u00e0 FK de pr\u00e9ciser sa d\u00e9claration selon laquelle la guerre civile au Liberia \u00e9tait \u00ab&nbsp;insens\u00e9e&nbsp;\u00bb. \u00c9tayant ses propos, le t\u00e9moin a expliqu\u00e9 qu\u2019il n\u2019y a eu ni gagnant, ni perdant durant la guerre. Poursuivant sa r\u00e9ponse, FK a affirm\u00e9 que cette guerre n\u2019a fait que ramener le Liberia des ann\u00e9es et des ann\u00e9es en arri\u00e8re, les infrastructures ayant \u00e9t\u00e9 d\u00e9truites, les centrales \u00e9lectriques pill\u00e9e et les biens de beaucoup de personnes ainsi que du gouvernement d\u00e9rob\u00e9s. Encore aujourd\u2019hui, le Liberia n\u2019a pas de syst\u00e8me de canalisation d\u2019eau, et Monrovia n\u2019a pas d\u2019approvisionnement constant en \u00e9lectricit\u00e9. Le pays a \u00e9galement accumul\u00e9 un fort retard en ce qui concerne le d\u00e9veloppement de son syst\u00e8me routier. Le t\u00e9moin a expliqu\u00e9 que toutes ces raisons font qu\u2019aujourd\u2019hui, nous ne pouvons pas affirmer qu\u2019un clan est sorti vainqueur de la guerre.<\/p>\n\n\n\n<p class=\"wp-block-paragraph\">Me Gianoli a pos\u00e9 une s\u00e9rie de question au t\u00e9moin sur son voyage de B. \u00e0 Kolahun, Et ensuite \u00e0 Monrovia. Le t\u00e9moin a ainsi expliqu\u00e9 qu\u2019apr\u00e8s la mort de son oncle, il s\u2019est rendu chez sa tante \u00e0 Kolahun, puis ils sont imm\u00e9diatement partis pour Monrovia. Me Gianoli a ensuite demand\u00e9 davantage de pr\u00e9cisions au t\u00e9moin quant \u00e0 son trajet de&nbsp;Monrovia jusqu\u2019\u00e0 Kolahun. FK a alors r\u00e9pondu avoir voyag\u00e9 seul, et s\u2019y \u00eatre rendu en voiture en empruntant la route principale. Interrog\u00e9 sur les factions qui contr\u00f4laient les territoires par lesquels il est pass\u00e9 depuis Monrovia, FK a indiqu\u00e9 que c\u2019\u00e9tait \u00e0 l\u2019\u00e9poque les soldats de Charles Taylor qui contr\u00f4laient la zone et qu\u2019il \u00e9tait possibles de circuler librement dans ces territoires depuis Monrovia.<\/p>\n\n\n\n<p class=\"wp-block-paragraph\">Me Gianoli a ensuite demand\u00e9 au t\u00e9moin si les NPFL utilisaient \u00e9galement des enfants-soldats, ce \u00e0 quoi il a r\u00e9pondu qu\u2019il n\u2019en avait pas vu, mais qu\u2019on lui avait en effet dit que les deux factions utilisaient des enfants-soldats.<\/p>\n\n\n\n<p class=\"wp-block-paragraph\">&nbsp;Il a \u00e9galement demand\u00e9 au t\u00e9moin si une liste de noms lui \u00e9voquait quelque chose. R\u00e9pondant \u00e0 Me Gianoli, le t\u00e9moin a indiqu\u00e9 ne pas savoir ce que d\u00e9signait le \u00ab&nbsp;Black Friday&nbsp;\u00bb. Il a ensuite d\u00e9clar\u00e9 avoir entendu parler de Pepper &amp; Salt, Dekou, Kunti et Senegalee, mais ne pas savoir qui sont ces personnes.<\/p>\n\n\n\n<p class=\"wp-block-paragraph\">Enfin, la Cour lui a demand\u00e9 davantage de renseignements en ce qui concerne son trajet en Suisse.<\/p>","protected":false},"excerpt":{"rendered":"<p>Jour 16 \u2013 Audition de 3 t\u00e9moins 26.02.2021 Pour cette onzi\u00e8me journ\u00e9e du 26 f\u00e9vrier 2021, le Tribunal proc\u00e8de \u00e0 l\u2019audition des t\u00e9moins MuK, AK et FK. Audition de MuK Le Tribunal a commenc\u00e9 par faire entrer MuK dans la salle. Sur question du Tribunal, le t\u00e9moin a indiqu\u00e9 ne pas connaitre Alieu Kosiah. En [&hellip;]<\/p>\n<p><a class=\"moretag\" href=\"https:\/\/civitas-maxima.org\/fr\/jour-16-audition-de-3-temoins\/\">Lire la suite<\/a><\/p>\n","protected":false},"author":179586343,"featured_media":1982,"comment_status":"closed","ping_status":"closed","sticky":false,"template":"","format":"standard","meta":{"_coblocks_attr":"","_coblocks_dimensions":"","_coblocks_responsive_height":"","_coblocks_accordion_ie_support":"","_crdt_document":"","_jetpack_memberships_contains_paid_content":false,"footnotes":"","jetpack_publicize_message":"","jetpack_publicize_feature_enabled":true,"jetpack_social_post_already_shared":true,"jetpack_social_options":{"image_generator_settings":{"template":"highway","default_image_id":0,"font":"","enabled":false},"version":2},"_wpas_customize_per_network":false},"categories":[1748],"tags":[],"class_list":["post-10289","post","type-post","status-publish","format-standard","has-post-thumbnail","hentry","category-alieu-kosiah-trial-monitoring"],"yoast_head":"<!-- This site is optimized with the Yoast SEO plugin v27.5 - https:\/\/yoast.com\/product\/yoast-seo-wordpress\/ -->\n<title>Jour 16 \u2013 Audition de 3 t\u00e9moins | Civitas Maxima<\/title>\n<meta name=\"robots\" content=\"index, follow, max-snippet:-1, max-image-preview:large, max-video-preview:-1\" \/>\n<link rel=\"canonical\" href=\"https:\/\/civitas-maxima.org\/fr\/jour-16-audition-de-3-temoins\/\" \/>\n<meta property=\"og:locale\" content=\"fr_FR\" \/>\n<meta property=\"og:type\" content=\"article\" \/>\n<meta property=\"og:title\" content=\"Jour 16 \u2013 Audition de 3 t\u00e9moins | Civitas Maxima\" \/>\n<meta property=\"og:description\" content=\"Jour 16 \u2013 Audition de 3 t\u00e9moins 26.02.2021 Pour cette onzi\u00e8me journ\u00e9e du 26 f\u00e9vrier 2021, le Tribunal proc\u00e8de \u00e0 l\u2019audition des t\u00e9moins MuK, AK et FK. Audition de MuK Le Tribunal a commenc\u00e9 par faire entrer MuK dans la salle. Sur question du Tribunal, le t\u00e9moin a indiqu\u00e9 ne pas connaitre Alieu Kosiah. En [&hellip;]Lire la suite\" \/>\n<meta property=\"og:url\" content=\"https:\/\/civitas-maxima.org\/fr\/jour-16-audition-de-3-temoins\/\" \/>\n<meta property=\"og:site_name\" content=\"Civitas Maxima\" \/>\n<meta property=\"article:publisher\" content=\"https:\/\/www.facebook.com\/civitasmaxima\/?locale=fr_FR\" \/>\n<meta property=\"article:published_time\" content=\"2023-09-28T10:50:06+00:00\" \/>\n<meta property=\"article:modified_time\" content=\"2023-10-11T08:51:02+00:00\" \/>\n<meta property=\"og:image\" content=\"https:\/\/i0.wp.com\/civitas-maxima.org\/wp-content\/uploads\/2020\/12\/sketch-court-room-during-alieu-kosiah-trial-bellinzona-switzerland.jpg?fit=3745%2C2504&ssl=1\" \/>\n\t<meta property=\"og:image:width\" content=\"3745\" \/>\n\t<meta property=\"og:image:height\" content=\"2504\" \/>\n\t<meta property=\"og:image:type\" content=\"image\/jpeg\" \/>\n<meta name=\"author\" content=\"Civitas Maxima\" \/>\n<meta name=\"twitter:card\" content=\"summary_large_image\" \/>\n<meta name=\"twitter:creator\" content=\"@Civitas_Maxima\" \/>\n<meta name=\"twitter:site\" content=\"@Civitas_Maxima\" \/>\n<script type=\"application\/ld+json\" class=\"yoast-schema-graph\">{\"@context\":\"https:\\\/\\\/schema.org\",\"@graph\":[{\"@type\":[\"Article\",\"BlogPosting\"],\"@id\":\"https:\\\/\\\/civitas-maxima.org\\\/jour-16-audition-de-3-temoins\\\/#article\",\"isPartOf\":{\"@id\":\"https:\\\/\\\/civitas-maxima.org\\\/jour-16-audition-de-3-temoins\\\/\"},\"author\":{\"name\":\"Civitas Maxima\",\"@id\":\"https:\\\/\\\/civitas-maxima.org\\\/#\\\/schema\\\/person\\\/c902862554eda43b65639a96d123e889\"},\"headline\":\"Jour 16 \u2013 Audition de 3 t\u00e9moins\",\"datePublished\":\"2023-09-28T10:50:06+00:00\",\"dateModified\":\"2023-10-11T08:51:02+00:00\",\"mainEntityOfPage\":{\"@id\":\"https:\\\/\\\/civitas-maxima.org\\\/jour-16-audition-de-3-temoins\\\/\"},\"wordCount\":7810,\"publisher\":{\"@id\":\"https:\\\/\\\/civitas-maxima.org\\\/#organization\"},\"image\":{\"@id\":\"https:\\\/\\\/civitas-maxima.org\\\/jour-16-audition-de-3-temoins\\\/#primaryimage\"},\"thumbnailUrl\":\"https:\\\/\\\/i0.wp.com\\\/civitas-maxima.org\\\/wp-content\\\/uploads\\\/2020\\\/12\\\/sketch-court-room-during-alieu-kosiah-trial-bellinzona-switzerland.jpg?fit=3745%2C2504&ssl=1\",\"articleSection\":[\"Alieu Kosiah Trial Monitoring\"],\"inLanguage\":\"fr-FR\"},{\"@type\":\"WebPage\",\"@id\":\"https:\\\/\\\/civitas-maxima.org\\\/jour-16-audition-de-3-temoins\\\/\",\"url\":\"https:\\\/\\\/civitas-maxima.org\\\/jour-16-audition-de-3-temoins\\\/\",\"name\":\"Jour 16 \u2013 Audition de 3 t\u00e9moins | Civitas Maxima\",\"isPartOf\":{\"@id\":\"https:\\\/\\\/civitas-maxima.org\\\/#website\"},\"primaryImageOfPage\":{\"@id\":\"https:\\\/\\\/civitas-maxima.org\\\/jour-16-audition-de-3-temoins\\\/#primaryimage\"},\"image\":{\"@id\":\"https:\\\/\\\/civitas-maxima.org\\\/jour-16-audition-de-3-temoins\\\/#primaryimage\"},\"thumbnailUrl\":\"https:\\\/\\\/i0.wp.com\\\/civitas-maxima.org\\\/wp-content\\\/uploads\\\/2020\\\/12\\\/sketch-court-room-during-alieu-kosiah-trial-bellinzona-switzerland.jpg?fit=3745%2C2504&ssl=1\",\"datePublished\":\"2023-09-28T10:50:06+00:00\",\"dateModified\":\"2023-10-11T08:51:02+00:00\",\"breadcrumb\":{\"@id\":\"https:\\\/\\\/civitas-maxima.org\\\/jour-16-audition-de-3-temoins\\\/#breadcrumb\"},\"inLanguage\":\"fr-FR\",\"potentialAction\":[{\"@type\":\"ReadAction\",\"target\":[\"https:\\\/\\\/civitas-maxima.org\\\/jour-16-audition-de-3-temoins\\\/\"]}]},{\"@type\":\"ImageObject\",\"inLanguage\":\"fr-FR\",\"@id\":\"https:\\\/\\\/civitas-maxima.org\\\/jour-16-audition-de-3-temoins\\\/#primaryimage\",\"url\":\"https:\\\/\\\/i0.wp.com\\\/civitas-maxima.org\\\/wp-content\\\/uploads\\\/2020\\\/12\\\/sketch-court-room-during-alieu-kosiah-trial-bellinzona-switzerland.jpg?fit=3745%2C2504&ssl=1\",\"contentUrl\":\"https:\\\/\\\/i0.wp.com\\\/civitas-maxima.org\\\/wp-content\\\/uploads\\\/2020\\\/12\\\/sketch-court-room-during-alieu-kosiah-trial-bellinzona-switzerland.jpg?fit=3745%2C2504&ssl=1\",\"width\":3745,\"height\":2504,\"caption\":\"\u00a9 Leslie Lumeh \\\/ New Narratives. Alieu Kosiah's at the TPF\"},{\"@type\":\"BreadcrumbList\",\"@id\":\"https:\\\/\\\/civitas-maxima.org\\\/jour-16-audition-de-3-temoins\\\/#breadcrumb\",\"itemListElement\":[{\"@type\":\"ListItem\",\"position\":1,\"name\":\"Home\",\"item\":\"https:\\\/\\\/civitas-maxima.org\\\/\"},{\"@type\":\"ListItem\",\"position\":2,\"name\":\"Jour 16 \u2013 Audition de 3 t\u00e9moins\"}]},{\"@type\":\"WebSite\",\"@id\":\"https:\\\/\\\/civitas-maxima.org\\\/#website\",\"url\":\"https:\\\/\\\/civitas-maxima.org\\\/\",\"name\":\"Civitas Maxima\",\"description\":\"Together Against Impunity\",\"publisher\":{\"@id\":\"https:\\\/\\\/civitas-maxima.org\\\/#organization\"},\"potentialAction\":[{\"@type\":\"SearchAction\",\"target\":{\"@type\":\"EntryPoint\",\"urlTemplate\":\"https:\\\/\\\/civitas-maxima.org\\\/?s={search_term_string}\"},\"query-input\":{\"@type\":\"PropertyValueSpecification\",\"valueRequired\":true,\"valueName\":\"search_term_string\"}}],\"inLanguage\":\"fr-FR\"},{\"@type\":\"Organization\",\"@id\":\"https:\\\/\\\/civitas-maxima.org\\\/#organization\",\"name\":\"Civitas Maxima\",\"url\":\"https:\\\/\\\/civitas-maxima.org\\\/\",\"logo\":{\"@type\":\"ImageObject\",\"inLanguage\":\"fr-FR\",\"@id\":\"https:\\\/\\\/civitas-maxima.org\\\/#\\\/schema\\\/logo\\\/image\\\/\",\"url\":\"https:\\\/\\\/i0.wp.com\\\/civitas-maxima.org\\\/wp-content\\\/uploads\\\/2020\\\/09\\\/cm-logo.jpg?fit=212%2C209&ssl=1\",\"contentUrl\":\"https:\\\/\\\/i0.wp.com\\\/civitas-maxima.org\\\/wp-content\\\/uploads\\\/2020\\\/09\\\/cm-logo.jpg?fit=212%2C209&ssl=1\",\"width\":212,\"height\":209,\"caption\":\"Civitas Maxima\"},\"image\":{\"@id\":\"https:\\\/\\\/civitas-maxima.org\\\/#\\\/schema\\\/logo\\\/image\\\/\"},\"sameAs\":[\"https:\\\/\\\/www.facebook.com\\\/civitasmaxima\\\/?locale=fr_FR\",\"https:\\\/\\\/x.com\\\/Civitas_Maxima\",\"https:\\\/\\\/www.linkedin.com\\\/company\\\/civitas-maxima\",\"https:\\\/\\\/www.instagram.com\\\/civitas_maxima\\\/\"]},{\"@type\":\"Person\",\"@id\":\"https:\\\/\\\/civitas-maxima.org\\\/#\\\/schema\\\/person\\\/c902862554eda43b65639a96d123e889\",\"name\":\"Civitas Maxima\",\"image\":{\"@type\":\"ImageObject\",\"inLanguage\":\"fr-FR\",\"@id\":\"https:\\\/\\\/secure.gravatar.com\\\/avatar\\\/58d6708a45125e93daced68120f46bc61e057c2b797afbb40ebf1fc0749b92a6?s=96&d=identicon&r=g\",\"url\":\"https:\\\/\\\/secure.gravatar.com\\\/avatar\\\/58d6708a45125e93daced68120f46bc61e057c2b797afbb40ebf1fc0749b92a6?s=96&d=identicon&r=g\",\"contentUrl\":\"https:\\\/\\\/secure.gravatar.com\\\/avatar\\\/58d6708a45125e93daced68120f46bc61e057c2b797afbb40ebf1fc0749b92a6?s=96&d=identicon&r=g\",\"caption\":\"Civitas Maxima\"},\"sameAs\":[\"http:\\\/\\\/cmdevmrspina.wordpress.com\"],\"url\":\"https:\\\/\\\/civitas-maxima.org\\\/fr\\\/author\\\/rebeccaparis89\\\/\"}]}<\/script>\n<!-- \/ Yoast SEO plugin. -->","yoast_head_json":{"title":"Jour 16 \u2013 Audition de 3 t\u00e9moins | Civitas Maxima","robots":{"index":"index","follow":"follow","max-snippet":"max-snippet:-1","max-image-preview":"max-image-preview:large","max-video-preview":"max-video-preview:-1"},"canonical":"https:\/\/civitas-maxima.org\/fr\/jour-16-audition-de-3-temoins\/","og_locale":"fr_FR","og_type":"article","og_title":"Jour 16 \u2013 Audition de 3 t\u00e9moins | Civitas Maxima","og_description":"Jour 16 \u2013 Audition de 3 t\u00e9moins 26.02.2021 Pour cette onzi\u00e8me journ\u00e9e du 26 f\u00e9vrier 2021, le Tribunal proc\u00e8de \u00e0 l\u2019audition des t\u00e9moins MuK, AK et FK. Audition de MuK Le Tribunal a commenc\u00e9 par faire entrer MuK dans la salle. Sur question du Tribunal, le t\u00e9moin a indiqu\u00e9 ne pas connaitre Alieu Kosiah. En [&hellip;]Lire la suite","og_url":"https:\/\/civitas-maxima.org\/fr\/jour-16-audition-de-3-temoins\/","og_site_name":"Civitas Maxima","article_publisher":"https:\/\/www.facebook.com\/civitasmaxima\/?locale=fr_FR","article_published_time":"2023-09-28T10:50:06+00:00","article_modified_time":"2023-10-11T08:51:02+00:00","og_image":[{"width":3745,"height":2504,"url":"https:\/\/i0.wp.com\/civitas-maxima.org\/wp-content\/uploads\/2020\/12\/sketch-court-room-during-alieu-kosiah-trial-bellinzona-switzerland.jpg?fit=3745%2C2504&ssl=1","type":"image\/jpeg"}],"author":"Civitas Maxima","twitter_card":"summary_large_image","twitter_creator":"@Civitas_Maxima","twitter_site":"@Civitas_Maxima","schema":{"@context":"https:\/\/schema.org","@graph":[{"@type":["Article","BlogPosting"],"@id":"https:\/\/civitas-maxima.org\/jour-16-audition-de-3-temoins\/#article","isPartOf":{"@id":"https:\/\/civitas-maxima.org\/jour-16-audition-de-3-temoins\/"},"author":{"name":"Civitas Maxima","@id":"https:\/\/civitas-maxima.org\/#\/schema\/person\/c902862554eda43b65639a96d123e889"},"headline":"Jour 16 \u2013 Audition de 3 t\u00e9moins","datePublished":"2023-09-28T10:50:06+00:00","dateModified":"2023-10-11T08:51:02+00:00","mainEntityOfPage":{"@id":"https:\/\/civitas-maxima.org\/jour-16-audition-de-3-temoins\/"},"wordCount":7810,"publisher":{"@id":"https:\/\/civitas-maxima.org\/#organization"},"image":{"@id":"https:\/\/civitas-maxima.org\/jour-16-audition-de-3-temoins\/#primaryimage"},"thumbnailUrl":"https:\/\/i0.wp.com\/civitas-maxima.org\/wp-content\/uploads\/2020\/12\/sketch-court-room-during-alieu-kosiah-trial-bellinzona-switzerland.jpg?fit=3745%2C2504&ssl=1","articleSection":["Alieu Kosiah Trial Monitoring"],"inLanguage":"fr-FR"},{"@type":"WebPage","@id":"https:\/\/civitas-maxima.org\/jour-16-audition-de-3-temoins\/","url":"https:\/\/civitas-maxima.org\/jour-16-audition-de-3-temoins\/","name":"Jour 16 \u2013 Audition de 3 t\u00e9moins | Civitas Maxima","isPartOf":{"@id":"https:\/\/civitas-maxima.org\/#website"},"primaryImageOfPage":{"@id":"https:\/\/civitas-maxima.org\/jour-16-audition-de-3-temoins\/#primaryimage"},"image":{"@id":"https:\/\/civitas-maxima.org\/jour-16-audition-de-3-temoins\/#primaryimage"},"thumbnailUrl":"https:\/\/i0.wp.com\/civitas-maxima.org\/wp-content\/uploads\/2020\/12\/sketch-court-room-during-alieu-kosiah-trial-bellinzona-switzerland.jpg?fit=3745%2C2504&ssl=1","datePublished":"2023-09-28T10:50:06+00:00","dateModified":"2023-10-11T08:51:02+00:00","breadcrumb":{"@id":"https:\/\/civitas-maxima.org\/jour-16-audition-de-3-temoins\/#breadcrumb"},"inLanguage":"fr-FR","potentialAction":[{"@type":"ReadAction","target":["https:\/\/civitas-maxima.org\/jour-16-audition-de-3-temoins\/"]}]},{"@type":"ImageObject","inLanguage":"fr-FR","@id":"https:\/\/civitas-maxima.org\/jour-16-audition-de-3-temoins\/#primaryimage","url":"https:\/\/i0.wp.com\/civitas-maxima.org\/wp-content\/uploads\/2020\/12\/sketch-court-room-during-alieu-kosiah-trial-bellinzona-switzerland.jpg?fit=3745%2C2504&ssl=1","contentUrl":"https:\/\/i0.wp.com\/civitas-maxima.org\/wp-content\/uploads\/2020\/12\/sketch-court-room-during-alieu-kosiah-trial-bellinzona-switzerland.jpg?fit=3745%2C2504&ssl=1","width":3745,"height":2504,"caption":"\u00a9 Leslie Lumeh \/ New Narratives. Alieu Kosiah's at the TPF"},{"@type":"BreadcrumbList","@id":"https:\/\/civitas-maxima.org\/jour-16-audition-de-3-temoins\/#breadcrumb","itemListElement":[{"@type":"ListItem","position":1,"name":"Home","item":"https:\/\/civitas-maxima.org\/"},{"@type":"ListItem","position":2,"name":"Jour 16 \u2013 Audition de 3 t\u00e9moins"}]},{"@type":"WebSite","@id":"https:\/\/civitas-maxima.org\/#website","url":"https:\/\/civitas-maxima.org\/","name":"Civitas Maxima","description":"Together Against Impunity","publisher":{"@id":"https:\/\/civitas-maxima.org\/#organization"},"potentialAction":[{"@type":"SearchAction","target":{"@type":"EntryPoint","urlTemplate":"https:\/\/civitas-maxima.org\/?s={search_term_string}"},"query-input":{"@type":"PropertyValueSpecification","valueRequired":true,"valueName":"search_term_string"}}],"inLanguage":"fr-FR"},{"@type":"Organization","@id":"https:\/\/civitas-maxima.org\/#organization","name":"Civitas Maxima","url":"https:\/\/civitas-maxima.org\/","logo":{"@type":"ImageObject","inLanguage":"fr-FR","@id":"https:\/\/civitas-maxima.org\/#\/schema\/logo\/image\/","url":"https:\/\/i0.wp.com\/civitas-maxima.org\/wp-content\/uploads\/2020\/09\/cm-logo.jpg?fit=212%2C209&ssl=1","contentUrl":"https:\/\/i0.wp.com\/civitas-maxima.org\/wp-content\/uploads\/2020\/09\/cm-logo.jpg?fit=212%2C209&ssl=1","width":212,"height":209,"caption":"Civitas Maxima"},"image":{"@id":"https:\/\/civitas-maxima.org\/#\/schema\/logo\/image\/"},"sameAs":["https:\/\/www.facebook.com\/civitasmaxima\/?locale=fr_FR","https:\/\/x.com\/Civitas_Maxima","https:\/\/www.linkedin.com\/company\/civitas-maxima","https:\/\/www.instagram.com\/civitas_maxima\/"]},{"@type":"Person","@id":"https:\/\/civitas-maxima.org\/#\/schema\/person\/c902862554eda43b65639a96d123e889","name":"Civitas Maxima","image":{"@type":"ImageObject","inLanguage":"fr-FR","@id":"https:\/\/secure.gravatar.com\/avatar\/58d6708a45125e93daced68120f46bc61e057c2b797afbb40ebf1fc0749b92a6?s=96&d=identicon&r=g","url":"https:\/\/secure.gravatar.com\/avatar\/58d6708a45125e93daced68120f46bc61e057c2b797afbb40ebf1fc0749b92a6?s=96&d=identicon&r=g","contentUrl":"https:\/\/secure.gravatar.com\/avatar\/58d6708a45125e93daced68120f46bc61e057c2b797afbb40ebf1fc0749b92a6?s=96&d=identicon&r=g","caption":"Civitas Maxima"},"sameAs":["http:\/\/cmdevmrspina.wordpress.com"],"url":"https:\/\/civitas-maxima.org\/fr\/author\/rebeccaparis89\/"}]}},"jetpack_publicize_connections":[],"jetpack_featured_media_url":"https:\/\/i0.wp.com\/civitas-maxima.org\/wp-content\/uploads\/2020\/12\/sketch-court-room-during-alieu-kosiah-trial-bellinzona-switzerland.jpg?fit=3745%2C2504&ssl=1","jetpack_sharing_enabled":true,"jetpack_shortlink":"https:\/\/wp.me\/pclLIv-2FX","amp_enabled":true,"_links":{"self":[{"href":"https:\/\/civitas-maxima.org\/fr\/wp-json\/wp\/v2\/posts\/10289","targetHints":{"allow":["GET"]}}],"collection":[{"href":"https:\/\/civitas-maxima.org\/fr\/wp-json\/wp\/v2\/posts"}],"about":[{"href":"https:\/\/civitas-maxima.org\/fr\/wp-json\/wp\/v2\/types\/post"}],"author":[{"embeddable":true,"href":"https:\/\/civitas-maxima.org\/fr\/wp-json\/wp\/v2\/users\/179586343"}],"replies":[{"embeddable":true,"href":"https:\/\/civitas-maxima.org\/fr\/wp-json\/wp\/v2\/comments?post=10289"}],"version-history":[{"count":3,"href":"https:\/\/civitas-maxima.org\/fr\/wp-json\/wp\/v2\/posts\/10289\/revisions"}],"predecessor-version":[{"id":10475,"href":"https:\/\/civitas-maxima.org\/fr\/wp-json\/wp\/v2\/posts\/10289\/revisions\/10475"}],"wp:featuredmedia":[{"embeddable":true,"href":"https:\/\/civitas-maxima.org\/fr\/wp-json\/wp\/v2\/media\/1982"}],"wp:attachment":[{"href":"https:\/\/civitas-maxima.org\/fr\/wp-json\/wp\/v2\/media?parent=10289"}],"wp:term":[{"taxonomy":"category","embeddable":true,"href":"https:\/\/civitas-maxima.org\/fr\/wp-json\/wp\/v2\/categories?post=10289"},{"taxonomy":"post_tag","embeddable":true,"href":"https:\/\/civitas-maxima.org\/fr\/wp-json\/wp\/v2\/tags?post=10289"}],"curies":[{"name":"wp","href":"https:\/\/api.w.org\/{rel}","templated":true}]}}